{"id":6870,"date":"2020-03-20T14:23:33","date_gmt":"2020-03-20T13:23:33","guid":{"rendered":"https:\/\/doboj.gov.ba\/?p=6870"},"modified":"2020-04-02T13:02:20","modified_gmt":"2020-04-02T11:02:20","slug":"sjednica-staba","status":"publish","type":"post","link":"https:\/\/doboj.gov.ba\/bs\/sjednica-staba\/","title":{"rendered":"Sjednica Gradskog \u0161taba za vanredne situacije"},"content":{"rendered":"\n<p>Na danas odr\u017eanoj sjednici Gradskog \u0161taba za vanredne situacije konstatovano je da u Doboju nema lica pozitivnih na virus korona, a pod nadzorom ih je 739, dok je 16 osoba iza\u0161lo iz nadzora.<\/p>\n\n\n\n<p>Gradona\u010delnik Doboja Boris Jerini\u0107 zahvalio je gra\u0111anima za dosada\u0161nju disciplinu, a privrednike zamolio za strpljenje i najavio da \u0107e na dana\u0161njem \u0160tabu biti definisano ko \u0161ta mo\u017ee da radi u narednom periodu. On ka\u017ee da lokalna uprava sprovodi naredbe Republi\u010dkog \u0161taba za vanredne situacije i pozvao gra\u0111ane na odgovornost.<\/p>\n\n\n\n<p>Gradona\u010delnik Doboja je naveo da na podru\u010dju grada nije bilo evidentiranih kr\u0161enja naredbi koji se ti\u010du radnog vremena, dok je jedan takav slu\u010daj evidentiran na ruralnom podru\u010dju i sankcionisan je, a evidentiran je odre\u0111en broj slu\u010dajeva da su lica pod nadzorom kr\u0161ila naredbu samoizolacije.<\/p>\n\n\n\n<p>Gradona\u010delnik Jerini\u0107 ka\u017ee da prestaju sa radom vrti\u0107i i da \u0107e biti izvr\u0161en povrat sredstava u periodu dok traje vanredna situacija.<\/p>\n\n\n\n<p>Direktor Regionalnog centra Instituta za javno zdravstvo Srpske Vlado \u0110ur\u0111evi\u0107 naveo je da je u dobojskoj regiji trenutno jedno lice pozitivno na virus korona, a rije\u010d je o zdravstvenom radniku iz Modri\u010de koji je bio u Banjaluci.<\/p>\n\n\n\n<p>Na dana\u0161njoj sjednici Gradskog \u0161taba za vanredne situacije doneseni su slede\u0107i zaklju\u010dci:<\/p>\n\n\n\n<ul class=\"wp-block-list\"><li>Odjeljenju za poslove komunalne policije grada Doboj nala\u017ee se provo\u0111enje aktivnosti koje su provodili i do sada s tim da se poo\u0161tri kontrola prijava i provjera svih gra\u0111ana koji dolaze iz inostranstva, a naro\u010dito iz zemalja zahva\u0107enih korona virusom. Tako\u0111e Odjeljenje za poslove komunalne policije ima obavezu svakodnevno provjeravati lica kojima je izdato Rje\u0161enje o obaveznoj samoizolaciji, te postupiti u skladu sa propisima u slu\u010daju nepo\u0161tovanja istog.<\/li><li>JU Centar za socijalni rad Doboj se zadu\u017euje da kroz telefonske linije odre\u0111ene za podru\u010dje Grada, Krnjina, Trebave, Ozrena i Vu\u010dijaka prikuplja podatke i distribui\u0161e potrebne namirnice, lijekove i sve \u0161to je potrebno starijim licima iznad 65 godina a koja su najugro\u017eenija ovim nevidljivim neprijateljem.<\/li><li>JZU Dom zdravlja Doboj se zadu\u017euje da nastavi provoditi kontinuirane aktivnosti kao \u0161to su psiholo\u0161ka podr\u0161ka, pru\u017eanje savjeta licima koja su stigla iz zemalja u kojima je zabilje\u017eena pojava korona virusa te su im potrebne valjane informacije o na\u010dinu rada, \u017eivljenja i pona\u0161anja. HES JZU Dom zdravlja se zadu\u017euje da nastavi provoditi mjere dezinfekcije i dezinsekcije te nastavi kontinuiranu saradnju sa Gradskom upravom i ZEV-ovima kako bi na stalno bili dezinfikovani haustori, kvake na ulaznim vratima, tipke na interfonima, liftovi i rukohvati do prvog sprata.<\/li><li>Odjeljenje za inspekcijske poslove grada Doboja se zadu\u017euje da u koordinaciji sa komunalnom policijom procesuira sve one koji ne po\u0161tuju rje\u0161enja o obaveznoj samoizolaciji i na taj na\u010din ugro\u017eavaju i sebe i druge. Zadu\u017euje se Odjeljenje za inspekcijske poslove da provjerava sprovo\u0111enje naredbi i zaklju\u010daka Republi\u010dkog i Gradskog \u0161taba za vanredne situacije. <\/li><li>Kao psiholo\u0161ka podr\u0161ka svim zdravstvenim radnicima, kao i samoizolovanim sugra\u0111anima koji su u obaveznoj samoizolaciji zbog suzbijanja \u0161irenja korona virusa  preporu\u010duje se da gra\u0111ani grada Doboja, svakog dana u 19:00 \u010dasova, sa svojih balkona i prozora aplauzom podr\u017ee iste. <\/li><li>Obavezuju se pripadnici Odjeljenja za poslove komunalne policije grada Doboj kao i pripadnici PU Doboj da poo\u0161tre kontrolu sprovo\u0111enja Zaklju\u010dka o obaveznom sprovo\u0111enju mjera za reagovanja na pojavu bolesti izazvane novim virusom Korona u Republici Srpskoj, Republi\u010dkog \u0161taba za vanredne situacije, kojim je i propisana zabrana okupljanja, te se apeluje na gra\u0111ane da se ne grupi\u0161u i okupljaju na izleti\u0161tima kako bi djelovali savjesno i sprije\u010dili \u0161irenje virusa.<\/li><\/ul>\n","protected":false},"excerpt":{"rendered":"<p>Na danas odr\u017eanoj sjednici Gradskog \u0161taba za vanredne situacije konstatovano je da u Doboju nema lica pozitivnih na virus korona, a pod nadzorom ih je 739, dok je 16 osoba iza\u0161lo iz nadzora.<\/p>\n","protected":false},"author":1,"featured_media":7057,"comment_status":"closed","ping_status":"closed","sticky":false,"template":"","format":"standard","meta":{"footnotes":""},"categories":[98],"tags":[189],"yst_prominent_words":[],"class_list":["post-6870","post","type-post","status-publish","format-standard","has-post-thumbnail","hentry","category-vijesti-bs-2","tag-vanredna-situacija-bs"],"_links":{"self":[{"href":"https:\/\/doboj.gov.ba\/bs\/wp-json\/wp\/v2\/posts\/6870","targetHints":{"allow":["GET"]}}],"collection":[{"href":"https:\/\/doboj.gov.ba\/bs\/wp-json\/wp\/v2\/posts"}],"about":[{"href":"https:\/\/doboj.gov.ba\/bs\/wp-json\/wp\/v2\/types\/post"}],"author":[{"embeddable":true,"href":"https:\/\/doboj.gov.ba\/bs\/wp-json\/wp\/v2\/users\/1"}],"replies":[{"embeddable":true,"href":"https:\/\/doboj.gov.ba\/bs\/wp-json\/wp\/v2\/comments?post=6870"}],"version-history":[{"count":1,"href":"https:\/\/doboj.gov.ba\/bs\/wp-json\/wp\/v2\/posts\/6870\/revisions"}],"predecessor-version":[{"id":6871,"href":"https:\/\/doboj.gov.ba\/bs\/wp-json\/wp\/v2\/posts\/6870\/revisions\/6871"}],"wp:featuredmedia":[{"embeddable":true,"href":"https:\/\/doboj.gov.ba\/bs\/wp-json\/wp\/v2\/media\/7057"}],"wp:attachment":[{"href":"https:\/\/doboj.gov.ba\/bs\/wp-json\/wp\/v2\/media?parent=6870"}],"wp:term":[{"taxonomy":"category","embeddable":true,"href":"https:\/\/doboj.gov.ba\/bs\/wp-json\/wp\/v2\/categories?post=6870"},{"taxonomy":"post_tag","embeddable":true,"href":"https:\/\/doboj.gov.ba\/bs\/wp-json\/wp\/v2\/tags?post=6870"},{"taxonomy":"yst_prominent_words","embeddable":true,"href":"https:\/\/doboj.gov.ba\/bs\/wp-json\/wp\/v2\/yst_prominent_words?post=6870"}],"curies":[{"name":"wp","href":"https:\/\/api.w.org\/{rel}","templated":true}]}}